{"id":4104,"date":"2018-07-01T09:34:47","date_gmt":"2018-07-01T09:34:47","guid":{"rendered":"http:\/\/www.einkubainba.de\/?p=4104"},"modified":"2018-07-01T09:34:47","modified_gmt":"2018-07-01T09:34:47","slug":"taktisch-denken-bring-dich-weiter","status":"publish","type":"post","link":"https:\/\/blog.denis-dominguez.de\/?p=4104","title":{"rendered":"Taktisch denken &#8211; Bring Dich weiter"},"content":{"rendered":"<p>\t\t\t\t<iframe loading=\"lazy\" title=\"Taktisch Denken - Bring Dich weiter\" width=\"750\" height=\"422\" src=\"https:\/\/www.youtube.com\/embed\/HtPUUkZjwqA?feature=oembed\" frameborder=\"0\" allow=\"accelerometer; autoplay; clipboard-write; encrypted-media; gyroscope; picture-in-picture\" allowfullscreen><\/iframe><\/p>\n<p><span><\/span>Immer wieder frage ich mich, wie die Welt aussehen w\u00fcrde, wenn ALLE Menschen Strategen w\u00e4ren. Was w\u00e4re aus unserer Erdkugel geworden, wenn sie nur von Horden von Spezialisten bev\u00f6lkert w\u00e4re. Perfektionisten, die ihre t\u00e4glichen Herausforderungen durch taktisches Denken l\u00f6sen w\u00fcrden. Ein Traum&#8230;? Ich wei\u00df, aber sind es nicht diese Tr\u00e4ume, die unsere Hoffnung am Leben halten, damit sie zuletzt stirbt?<\/p>\n<p><img loading=\"lazy\" src=\"http:\/\/www.einkubainba.de\/wp-content\/uploads\/2018\/07\/Taktisch-Denken-Keine-Visionen.png\" alt=\"Taktisch Denken - Keine Visionen\" class=\" wp-image-4076 aligncenter\" width=\"517\" height=\"517\" srcset=\"https:\/\/blog.denis-dominguez.de\/wp-content\/uploads\/2018\/07\/Taktisch-Denken-Keine-Visionen.png 640w, https:\/\/blog.denis-dominguez.de\/wp-content\/uploads\/2018\/07\/Taktisch-Denken-Keine-Visionen-150x150.png 150w, https:\/\/blog.denis-dominguez.de\/wp-content\/uploads\/2018\/07\/Taktisch-Denken-Keine-Visionen-300x300.png 300w\" sizes=\"(max-width: 517px) 100vw, 517px\" \/><\/p>\n<p style=\"text-align: center;\">Ja, ich tr\u00e4ume weiter&#8230;<br \/>\nW\u00e4ren wir alle reich?<br \/>\nH\u00e4tte keiner von uns hungern m\u00fcssen?<br \/>\nOder &#8211; vor lauter Klugheit &#8211; h\u00e4tten wir uns schon l\u00e4ngst mit fortgeschrittenen Waffen samt unserer Neigung zur Gewalt gegenseitig <a href=\"http:\/\/www.einkubainba.de\/der-bedrohte-friede\/\" target=\"_blank\" rel=\"noopener noreferrer\">ausgel\u00f6scht<\/a>?<br \/>\nOder vielleicht w\u00e4re das Leben auf dieser Erdkugel stinklangweilig, weil jeder genau\u00a0w\u00fcsste was zu tun ist?<br \/>\nDie perfekte Gesellschaft?<br \/>\n<span><\/span>Das werden wir leider niemals herausfinden, denn mehrere Gesellschaften haben es versucht, sind aber mit dem Ergebnis ma\u00dflos entt\u00e4uscht worden.<\/p>\n<p>Die Realit\u00e4t sieht leider ganz anders aus. Wir Menschen sind fehlerhaft und das ist gut so. Denn wir sind nicht perfekt und wir werden es nie sein. Denn das ist menschlich. Die Freiheit zu haben, Fehler zu machen. Trotzdem w\u00e4re es f\u00fcr manche sehr hilfreich, mehr taktisch zu denken, besser zu planen oder von den Fehler anderer zu lernen. Sonst macht man sich das Leben schwerer als es schon ist.<\/p>\n<p><img loading=\"lazy\" src=\"http:\/\/www.einkubainba.de\/wp-content\/uploads\/2018\/07\/Taktisch-Denken-Taktik-Kraft.png\" alt=\"\" class=\" wp-image-4075 aligncenter\" width=\"510\" height=\"510\" srcset=\"https:\/\/blog.denis-dominguez.de\/wp-content\/uploads\/2018\/07\/Taktisch-Denken-Taktik-Kraft.png 640w, https:\/\/blog.denis-dominguez.de\/wp-content\/uploads\/2018\/07\/Taktisch-Denken-Taktik-Kraft-150x150.png 150w, https:\/\/blog.denis-dominguez.de\/wp-content\/uploads\/2018\/07\/Taktisch-Denken-Taktik-Kraft-300x300.png 300w\" sizes=\"(max-width: 510px) 100vw, 510px\" \/><\/p>\n<h2>Fazit<\/h2>\n<p><span><\/span>Taktisches Denken betrifft die kleinen Dinge, die du jeden Tag erledigst, um im Leben vorw\u00e4rts zu kommen. Konkret gesagt: Genau das, <strong>was<\/strong> du machst, um ans Ziel zu gelangen. Es lohnt sich, sich etwas Zeit zu nehmen, um unsere Taktik im Alltag zu verbessern.<\/p>\n<p><img loading=\"lazy\" src=\"http:\/\/www.einkubainba.de\/wp-content\/uploads\/2018\/07\/Taktisch-Denken-TikTak.png\" alt=\"TakTik - Ist Kein Pfefferminz\" class=\" wp-image-4077 aligncenter\" width=\"480\" height=\"480\" srcset=\"https:\/\/blog.denis-dominguez.de\/wp-content\/uploads\/2018\/07\/Taktisch-Denken-TikTak.png 640w, https:\/\/blog.denis-dominguez.de\/wp-content\/uploads\/2018\/07\/Taktisch-Denken-TikTak-150x150.png 150w, https:\/\/blog.denis-dominguez.de\/wp-content\/uploads\/2018\/07\/Taktisch-Denken-TikTak-300x300.png 300w\" sizes=\"(max-width: 480px) 100vw, 480px\" \/>\t\t<\/p>\n","protected":false},"excerpt":{"rendered":"<p>Immer wieder frage ich mich, wie die Welt aussehen w\u00fcrde, wenn ALLE Menschen Strategen w\u00e4ren. Was w\u00e4re aus unserer Erdkugel geworden, wenn sie nur von Horden von Spezialisten bev\u00f6lkert w\u00e4re. Perfektionisten, die ihre t\u00e4glichen Herausforderungen durch taktisches Denken l\u00f6sen w\u00fcrden. Ein Traum&#8230;? Ich wei\u00df, aber sind es nicht diese Tr\u00e4ume, [&hellip;]<\/p>\n","protected":false},"author":2,"featured_media":4111,"comment_status":"open","ping_status":"open","sticky":false,"template":"","format":"standard","meta":[],"categories":[2],"tags":[38,149,196],"_links":{"self":[{"href":"https:\/\/blog.denis-dominguez.de\/index.php?rest_route=\/wp\/v2\/posts\/4104"}],"collection":[{"href":"https:\/\/blog.denis-dominguez.de\/index.php?rest_route=\/wp\/v2\/posts"}],"about":[{"href":"https:\/\/blog.denis-dominguez.de\/index.php?rest_route=\/wp\/v2\/types\/post"}],"author":[{"embeddable":true,"href":"https:\/\/blog.denis-dominguez.de\/index.php?rest_route=\/wp\/v2\/users\/2"}],"replies":[{"embeddable":true,"href":"https:\/\/blog.denis-dominguez.de\/index.php?rest_route=%2Fwp%2Fv2%2Fcomments&post=4104"}],"version-history":[{"count":0,"href":"https:\/\/blog.denis-dominguez.de\/index.php?rest_route=\/wp\/v2\/posts\/4104\/revisions"}],"wp:featuredmedia":[{"embeddable":true,"href":"https:\/\/blog.denis-dominguez.de\/index.php?rest_route=\/wp\/v2\/media\/4111"}],"wp:attachment":[{"href":"https:\/\/blog.denis-dominguez.de\/index.php?rest_route=%2Fwp%2Fv2%2Fmedia&parent=4104"}],"wp:term":[{"taxonomy":"category","embeddable":true,"href":"https:\/\/blog.denis-dominguez.de\/index.php?rest_route=%2Fwp%2Fv2%2Fcategories&post=4104"},{"taxonomy":"post_tag","embeddable":true,"href":"https:\/\/blog.denis-dominguez.de\/index.php?rest_route=%2Fwp%2Fv2%2Ftags&post=4104"}],"curies":[{"name":"wp","href":"https:\/\/api.w.org\/{rel}","templated":true}]}}